{"id":3834,"date":"2025-05-14T17:10:32","date_gmt":"2025-05-14T15:10:32","guid":{"rendered":"https:\/\/nouzillyathletisme.fr\/?p=3834"},"modified":"2025-05-14T17:10:33","modified_gmt":"2025-05-14T15:10:33","slug":"appel-a-projets-2025-du-credit-mutuel-nouzilly-retenu","status":"publish","type":"post","link":"https:\/\/nouzillyathletisme.fr\/index.php\/2025\/05\/14\/appel-a-projets-2025-du-credit-mutuel-nouzilly-retenu\/","title":{"rendered":"Appel \u00e0 projets 2025 du Cr\u00e9dit Mutuel : Nouzilly retenu !"},"content":{"rendered":"\n<p>Parmi 32 clubs en France,<strong> Nouzilly Athl\u00e9tisme<\/strong> a \u00e9t\u00e9 retenu suite \u00e0 un appel \u00e0 projets organis\u00e9 par la <strong>FFA <\/strong>et le <strong>Cr\u00e9dit Mutuel<\/strong>.<\/p>\n\n\n\n<p>Ces clubs recevront chacun une aide de <strong>2\u00a0000\u00a0\u20ac<\/strong> destin\u00e9e \u00e0 concr\u00e9tiser leurs projets de d\u00e9veloppement, de structuration ou encore de promotion de la pratique de l&rsquo;athl\u00e9tisme. De quoi favoriser, dans ces nouvelles structures, la p\u00e9rennit\u00e9 des actions au b\u00e9n\u00e9fice de leurs licenci\u00e9s.<\/p>\n\n\n\n<p>Ci-dessous une photo de la remise du ch\u00e8que :<\/p>\n\n\n\n<figure class=\"wp-block-image size-large\"><img loading=\"lazy\" decoding=\"async\" width=\"1024\" height=\"1024\" src=\"https:\/\/nouzillyathletisme.fr\/wp-content\/uploads\/2025\/05\/image001-1024x1024.jpg\" alt=\"\" class=\"wp-image-3835\" srcset=\"https:\/\/nouzillyathletisme.fr\/wp-content\/uploads\/2025\/05\/image001-1024x1024.jpg 1024w, https:\/\/nouzillyathletisme.fr\/wp-content\/uploads\/2025\/05\/image001-300x300.jpg 300w, https:\/\/nouzillyathletisme.fr\/wp-content\/uploads\/2025\/05\/image001-150x150.jpg 150w, https:\/\/nouzillyathletisme.fr\/wp-content\/uploads\/2025\/05\/image001-1536x1536.jpg 1536w, https:\/\/nouzillyathletisme.fr\/wp-content\/uploads\/2025\/05\/image001-2048x2048.jpg 2048w\" sizes=\"auto, (max-width: 1024px) 100vw, 1024px\" \/><\/figure>\n\n\n\n<p><em>Plus d&rsquo;infos :<\/em><\/p>\n\n\n\n<p><a href=\"https:\/\/www.athle.fr\/asp.net\/main.news\/news.aspx?newsid=21385\">https:\/\/www.athle.fr\/asp.net\/main.news\/news.aspx?newsid=21385<\/a><\/p>\n\n\n\n<p><a href=\"https:\/\/www.creditmutuel.fr\/fr\/alliancefederale\/presse\/communiques-de-presse\/nouveaux-clubs-athletisme.html\">https:\/\/www.creditmutuel.fr\/fr\/alliancefederale\/presse\/communiques-de-presse\/nouveaux-clubs-athletisme.html<\/a><\/p>\n\n\n\n<p><\/p>\n","protected":false},"excerpt":{"rendered":"<p>Parmi 32 clubs en France, Nouzilly Athl\u00e9tisme a \u00e9t\u00e9 retenu suite \u00e0 un [&hellip;]<\/p>\n","protected":false},"author":1,"featured_media":3671,"comment_status":"closed","ping_status":"closed","sticky":false,"template":"","format":"standard","meta":{"jetpack_post_was_ever_published":false,"_jetpack_newsletter_access":"","_jetpack_dont_email_post_to_subs":false,"_jetpack_newsletter_tier_id":0,"_jetpack_memberships_contains_paywalled_content":false,"_jetpack_memberships_contains_paid_content":false,"footnotes":"","jetpack_publicize_message":"","jetpack_publicize_feature_enabled":true,"jetpack_social_post_already_shared":true,"jetpack_social_options":{"image_generator_settings":{"template":"highway","enabled":false},"version":2}},"categories":[4],"tags":[],"class_list":["post-3834","post","type-post","status-publish","format-standard","has-post-thumbnail","hentry","category-news"],"jetpack_publicize_connections":[],"jetpack_featured_media_url":"https:\/\/nouzillyathletisme.fr\/wp-content\/uploads\/2024\/10\/CM-ATHLE_PP.png","jetpack_sharing_enabled":true,"jetpack_likes_enabled":false,"_links":{"self":[{"href":"https:\/\/nouzillyathletisme.fr\/index.php\/wp-json\/wp\/v2\/posts\/3834","targetHints":{"allow":["GET"]}}],"collection":[{"href":"https:\/\/nouzillyathletisme.fr\/index.php\/wp-json\/wp\/v2\/posts"}],"about":[{"href":"https:\/\/nouzillyathletisme.fr\/index.php\/wp-json\/wp\/v2\/types\/post"}],"author":[{"embeddable":true,"href":"https:\/\/nouzillyathletisme.fr\/index.php\/wp-json\/wp\/v2\/users\/1"}],"replies":[{"embeddable":true,"href":"https:\/\/nouzillyathletisme.fr\/index.php\/wp-json\/wp\/v2\/comments?post=3834"}],"version-history":[{"count":2,"href":"https:\/\/nouzillyathletisme.fr\/index.php\/wp-json\/wp\/v2\/posts\/3834\/revisions"}],"predecessor-version":[{"id":3837,"href":"https:\/\/nouzillyathletisme.fr\/index.php\/wp-json\/wp\/v2\/posts\/3834\/revisions\/3837"}],"wp:featuredmedia":[{"embeddable":true,"href":"https:\/\/nouzillyathletisme.fr\/index.php\/wp-json\/wp\/v2\/media\/3671"}],"wp:attachment":[{"href":"https:\/\/nouzillyathletisme.fr\/index.php\/wp-json\/wp\/v2\/media?parent=3834"}],"wp:term":[{"taxonomy":"category","embeddable":true,"href":"https:\/\/nouzillyathletisme.fr\/index.php\/wp-json\/wp\/v2\/categories?post=3834"},{"taxonomy":"post_tag","embeddable":true,"href":"https:\/\/nouzillyathletisme.fr\/index.php\/wp-json\/wp\/v2\/tags?post=3834"}],"curies":[{"name":"wp","href":"https:\/\/api.w.org\/{rel}","templated":true}]}}