{"id":3501,"date":"2024-01-13T14:18:36","date_gmt":"2024-01-13T13:18:36","guid":{"rendered":"https:\/\/nouzillyathletisme.fr\/?p=3501"},"modified":"2024-01-13T14:26:35","modified_gmt":"2024-01-13T13:26:35","slug":"passathle-vendredi-26-01-a-de-17h30","status":"publish","type":"post","link":"https:\/\/nouzillyathletisme.fr\/index.php\/2024\/01\/13\/passathle-vendredi-26-01-a-de-17h30\/","title":{"rendered":"Pass\u2019Athl\u00e9 vendredi 26\/01 \u00e0 17h30"},"content":{"rendered":"\n<p><strong>Tous les enfants des cat\u00e9gories Eveil Athl\u00e9, Poussins et Benjamins sont convi\u00e9s vendredi 26\/01 au gymnase \u00e0 17h30 pour effectuer le Pass\u2019Athl\u00e9.<\/strong><\/p>\n\n\n\n<h2 class=\"wp-block-heading\">Le Pass\u2019Athl\u00e9 c\u2019est quoi ?<\/h2>\n\n\n\n<p>D\u00e9velopp\u00e9 par la F\u00e9d\u00e9ration Fran\u00e7aise d\u2019Athl\u00e9tisme, le Pass\u2019Athl\u00e9 est un programme p\u00e9dagogique d\u2019\u00e9valuation annuelle des progr\u00e8s moteurs de votre enfants \u00e2g\u00e9s de 4 \u00e0 15 ans. La mise en place du Pass\u2019Athl\u00e9 par votre clubs constitue une garantie de la qualit\u00e9 de l\u2019encadrement et de la formation propos\u00e9s. Le programme Pass\u2019Athl\u00e9 contribue au d\u00e9veloppement d\u2019une \u00e9ducation athl\u00e9tique homog\u00e8ne quel que soit en France le club FFA dans lequel vous inscrirez votre enfant.<\/p>\n\n\n\n<p><strong>Horaires :<\/strong><\/p>\n\n\n\n<ul class=\"wp-block-list\">\n<li><strong>17h30 pour tous<\/strong>. Cela veut donc dire que la s\u00e9ance habituelle de 17h00 est d\u00e9cal\u00e9e \u00e0 17h30 et que celle de 18h30 est avanc\u00e9e \u00e0 17h30.<\/li>\n<\/ul>\n\n\n\n<h2 class=\"wp-block-heading\">Important :<\/h2>\n\n\n\n<p>PS 1 : Merci d\u2019arriver \u00e0 l\u2019heure pour que les ateliers puissent d\u00e9marrer \u00e0 17h30 pr\u00e9cise.<\/p>\n\n\n\n<p>PS 1 : Nous avons besoin de parents pour encadrer les ateliers; n&rsquo;h\u00e9sitez pas \u00e0 venir donner un coup de main \ud83d\ude09<\/p>\n\n\n\n<p><strong>PS 3 : A l&rsquo;issue de cette s\u00e9ance, vous \u00eates tous convies \u00e0 l&rsquo;Assembl\u00e9e G\u00e9n\u00e9rale du club qui sera suivi d&rsquo;une galette et de la remise des r\u00e9compenses. Profitez-en c&rsquo;est offert par le club<\/strong>. Merci de vous inscrire ici  : \ud83d\udc47\ud83d\udc47\ud83d\udc47<\/p>\n\n\n\n<p><a href=\"https:\/\/www.helloasso.com\/associations\/nouzilly-athletisme\/evenements\/galette-du-club\">https:\/\/www.helloasso.com\/associations\/nouzilly-athletisme\/evenements\/galette-du-club<\/a><\/p>\n\n\n\n<p><\/p>\n","protected":false},"excerpt":{"rendered":"<p>Tous les enfants des cat\u00e9gories Eveil Athl\u00e9, Poussins et Benjamins sont convi\u00e9s vendredi [&hellip;]<\/p>\n","protected":false},"author":1,"featured_media":3502,"comment_status":"open","ping_status":"open","sticky":false,"template":"","format":"standard","meta":{"jetpack_post_was_ever_published":false,"_jetpack_newsletter_access":"","_jetpack_dont_email_post_to_subs":false,"_jetpack_newsletter_tier_id":0,"_jetpack_memberships_contains_paywalled_content":false,"_jetpack_memberships_contains_paid_content":false,"footnotes":"","jetpack_publicize_message":"","jetpack_publicize_feature_enabled":false,"jetpack_social_post_already_shared":false,"jetpack_social_options":{"image_generator_settings":{"template":"highway","default_image_id":0,"font":"","enabled":false},"version":2}},"categories":[31],"tags":[],"class_list":["post-3501","post","type-post","status-publish","format-standard","has-post-thumbnail","hentry","category-le-club"],"jetpack_publicize_connections":[],"jetpack_featured_media_url":"https:\/\/nouzillyathletisme.fr\/wp-content\/uploads\/2024\/01\/telecharger-3.png","jetpack_sharing_enabled":true,"jetpack_likes_enabled":false,"_links":{"self":[{"href":"https:\/\/nouzillyathletisme.fr\/index.php\/wp-json\/wp\/v2\/posts\/3501","targetHints":{"allow":["GET"]}}],"collection":[{"href":"https:\/\/nouzillyathletisme.fr\/index.php\/wp-json\/wp\/v2\/posts"}],"about":[{"href":"https:\/\/nouzillyathletisme.fr\/index.php\/wp-json\/wp\/v2\/types\/post"}],"author":[{"embeddable":true,"href":"https:\/\/nouzillyathletisme.fr\/index.php\/wp-json\/wp\/v2\/users\/1"}],"replies":[{"embeddable":true,"href":"https:\/\/nouzillyathletisme.fr\/index.php\/wp-json\/wp\/v2\/comments?post=3501"}],"version-history":[{"count":5,"href":"https:\/\/nouzillyathletisme.fr\/index.php\/wp-json\/wp\/v2\/posts\/3501\/revisions"}],"predecessor-version":[{"id":3507,"href":"https:\/\/nouzillyathletisme.fr\/index.php\/wp-json\/wp\/v2\/posts\/3501\/revisions\/3507"}],"wp:featuredmedia":[{"embeddable":true,"href":"https:\/\/nouzillyathletisme.fr\/index.php\/wp-json\/wp\/v2\/media\/3502"}],"wp:attachment":[{"href":"https:\/\/nouzillyathletisme.fr\/index.php\/wp-json\/wp\/v2\/media?parent=3501"}],"wp:term":[{"taxonomy":"category","embeddable":true,"href":"https:\/\/nouzillyathletisme.fr\/index.php\/wp-json\/wp\/v2\/categories?post=3501"},{"taxonomy":"post_tag","embeddable":true,"href":"https:\/\/nouzillyathletisme.fr\/index.php\/wp-json\/wp\/v2\/tags?post=3501"}],"curies":[{"name":"wp","href":"https:\/\/api.w.org\/{rel}","templated":true}]}}