{"id":2902,"date":"2023-03-29T14:05:01","date_gmt":"2023-03-29T12:05:01","guid":{"rendered":"http:\/\/nouzillyathletisme.fr\/?p=2902"},"modified":"2023-03-29T14:06:34","modified_gmt":"2023-03-29T12:06:34","slug":"une-vice-champion-de-france-au-club-de-nouzilly","status":"publish","type":"post","link":"https:\/\/nouzillyathletisme.fr\/index.php\/2023\/03\/29\/une-vice-champion-de-france-au-club-de-nouzilly\/","title":{"rendered":"Une vice-champion de France au club de Nouzilly !"},"content":{"rendered":"\n<p>Dimanche dernier se tenait \u00e0 Houilles la finale des championnats de France du 10Km.<\/p>\n\n\n\n<p>Nouzilly Athl\u00e9tisme \u00e9tait repr\u00e9sent\u00e9 par son petit jeune en devenir \ud83d\ude09 en la personne de Pierre Chevalier (76 ans)  dans la cat\u00e9gorie Master 8 (1948 &#8211; 1944).<\/p>\n\n\n\n<p>Il n&rsquo;a pas ramen\u00e9 la coupe \u00e0 la maison mais la m\u00e9daille d&rsquo;argent ; il a ainsi pu terminer second de cette finale devenant ainsi le 1er m\u00e9daill\u00e9  du club dans la cat\u00e9gorie des championnats de France.<\/p>\n\n\n\n<p>Un immense bravo \u00e0 cet athl\u00e8te qui repr\u00e9sente un bel exemple pour nos plus jeunes et moins jeunes.<\/p>\n\n\n\n<p>Vous pouvez retrouver l&rsquo;ensemble des photos et vid\u00e9os de cette course sur Insta et Facebook (On oublie pas de nous suivre au passage ;)) <\/p>\n\n\n\n<p>En bonus, vous retrouverez une interview de Patrick Montel que tous les passionn\u00e9s d&rsquo;Athl\u00e9tisme connaissent.<\/p>\n\n\n\n<h2 class=\"wp-block-heading\">&#8211;&gt; <a href=\"https:\/\/www.facebook.com\/nouzillyathletisme\/\">Facebook<\/a><\/h2>\n\n\n\n<h2 class=\"wp-block-heading\">&#8211;&gt; <a href=\"https:\/\/www.instagram.com\/nouzillyathletisme\/\">Instagram<\/a><\/h2>\n\n\n\n<figure class=\"wp-block-image size-large\"><img loading=\"lazy\" decoding=\"async\" width=\"695\" height=\"1024\" src=\"https:\/\/nouzillyathletisme.fr\/wp-content\/uploads\/2023\/03\/WhatsApp-Image-2023-03-29-a-13.34.22-695x1024.jpg\" alt=\"\" class=\"wp-image-2903\" srcset=\"https:\/\/nouzillyathletisme.fr\/wp-content\/uploads\/2023\/03\/WhatsApp-Image-2023-03-29-a-13.34.22-695x1024.jpg 695w, https:\/\/nouzillyathletisme.fr\/wp-content\/uploads\/2023\/03\/WhatsApp-Image-2023-03-29-a-13.34.22-204x300.jpg 204w, https:\/\/nouzillyathletisme.fr\/wp-content\/uploads\/2023\/03\/WhatsApp-Image-2023-03-29-a-13.34.22-768x1132.jpg 768w, https:\/\/nouzillyathletisme.fr\/wp-content\/uploads\/2023\/03\/WhatsApp-Image-2023-03-29-a-13.34.22-1043x1536.jpg 1043w, https:\/\/nouzillyathletisme.fr\/wp-content\/uploads\/2023\/03\/WhatsApp-Image-2023-03-29-a-13.34.22.jpg 1390w\" sizes=\"auto, (max-width: 695px) 100vw, 695px\" \/><\/figure>\n\n\n\n<figure class=\"wp-block-image size-full\"><img loading=\"lazy\" decoding=\"async\" width=\"383\" height=\"932\" src=\"https:\/\/nouzillyathletisme.fr\/wp-content\/uploads\/2023\/03\/WhatsApp-Image-2023-03-29-a-14.01.31.jpg\" alt=\"\" class=\"wp-image-2905\" srcset=\"https:\/\/nouzillyathletisme.fr\/wp-content\/uploads\/2023\/03\/WhatsApp-Image-2023-03-29-a-14.01.31.jpg 383w, https:\/\/nouzillyathletisme.fr\/wp-content\/uploads\/2023\/03\/WhatsApp-Image-2023-03-29-a-14.01.31-123x300.jpg 123w\" sizes=\"auto, (max-width: 383px) 100vw, 383px\" \/><figcaption class=\"wp-element-caption\">Article sur la NR<\/figcaption><\/figure>\n","protected":false},"excerpt":{"rendered":"<p>Dimanche dernier se tenait \u00e0 Houilles la finale des championnats de France du [&hellip;]<\/p>\n","protected":false},"author":1,"featured_media":2906,"comment_status":"open","ping_status":"open","sticky":false,"template":"","format":"standard","meta":{"jetpack_post_was_ever_published":false,"_jetpack_newsletter_access":"","_jetpack_dont_email_post_to_subs":false,"_jetpack_newsletter_tier_id":0,"_jetpack_memberships_contains_paywalled_content":false,"_jetpack_memberships_contains_paid_content":false,"footnotes":"","jetpack_publicize_message":"","jetpack_publicize_feature_enabled":false,"jetpack_social_post_already_shared":false,"jetpack_social_options":{"image_generator_settings":{"template":"highway","default_image_id":0,"font":"","enabled":false},"version":2}},"categories":[4],"tags":[],"class_list":["post-2902","post","type-post","status-publish","format-standard","has-post-thumbnail","hentry","category-news"],"jetpack_publicize_connections":[],"jetpack_featured_media_url":"https:\/\/nouzillyathletisme.fr\/wp-content\/uploads\/2023\/03\/WhatsApp-Image-2023-03-29-a-13.35.05-rotated.jpg","jetpack_sharing_enabled":true,"jetpack_likes_enabled":false,"_links":{"self":[{"href":"https:\/\/nouzillyathletisme.fr\/index.php\/wp-json\/wp\/v2\/posts\/2902","targetHints":{"allow":["GET"]}}],"collection":[{"href":"https:\/\/nouzillyathletisme.fr\/index.php\/wp-json\/wp\/v2\/posts"}],"about":[{"href":"https:\/\/nouzillyathletisme.fr\/index.php\/wp-json\/wp\/v2\/types\/post"}],"author":[{"embeddable":true,"href":"https:\/\/nouzillyathletisme.fr\/index.php\/wp-json\/wp\/v2\/users\/1"}],"replies":[{"embeddable":true,"href":"https:\/\/nouzillyathletisme.fr\/index.php\/wp-json\/wp\/v2\/comments?post=2902"}],"version-history":[{"count":0,"href":"https:\/\/nouzillyathletisme.fr\/index.php\/wp-json\/wp\/v2\/posts\/2902\/revisions"}],"wp:featuredmedia":[{"embeddable":true,"href":"https:\/\/nouzillyathletisme.fr\/index.php\/wp-json\/wp\/v2\/media\/2906"}],"wp:attachment":[{"href":"https:\/\/nouzillyathletisme.fr\/index.php\/wp-json\/wp\/v2\/media?parent=2902"}],"wp:term":[{"taxonomy":"category","embeddable":true,"href":"https:\/\/nouzillyathletisme.fr\/index.php\/wp-json\/wp\/v2\/categories?post=2902"},{"taxonomy":"post_tag","embeddable":true,"href":"https:\/\/nouzillyathletisme.fr\/index.php\/wp-json\/wp\/v2\/tags?post=2902"}],"curies":[{"name":"wp","href":"https:\/\/api.w.org\/{rel}","templated":true}]}}