{"id":2532,"date":"2022-11-04T17:14:43","date_gmt":"2022-11-04T16:14:43","guid":{"rendered":"http:\/\/nouzillyathletisme.fr\/?p=2532"},"modified":"2022-11-04T17:17:10","modified_gmt":"2022-11-04T16:17:10","slug":"corrida-de-noel-a-sainte-maure-de-touraine","status":"publish","type":"post","link":"https:\/\/nouzillyathletisme.fr\/index.php\/2022\/11\/04\/corrida-de-noel-a-sainte-maure-de-touraine\/","title":{"rendered":"Corrida de No\u00ebl \u00e0 Sainte Maure de Touraine"},"content":{"rendered":"\n<p>  <p>Le Ste Maure Athl\u00e9tic Club organisera sa Corrida de No\u00ebl dans les rues de Ste Maure de Touraine,<\/p>   <p>le samedi 03 d\u00e9cembre 2022 , dans le cadre du march\u00e9 de No\u00ebl.<\/p>   <p>Distances : 7,5 km<\/p>   <p>D\u00e9part : 17 heures rue du Coll\u00e8ge<\/p>   <p>Inscription en ligne :\u00a0\u00a0<strong><a rel=\"noreferrer noopener\" href=\"https:\/\/corrida-de-noel-ste-maure-de-touraine.ikinoa.com\/\" target=\"_blank\">https:\/\/corrida-de-noel-ste-maure-de-touraine.ikinoa.com\/<\/a><\/strong><\/p>   <p>Site club o\u00f9 vous trouverez toutes les infos :\u00a0<a rel=\"noreferrer noopener\" href=\"https:\/\/smac-sainte-maure.clubeo.com\/\" target=\"_blank\">https:\/\/smac-sainte-maure.clubeo.com\/<\/a><\/p> <\/p>\n\n\n\n<blockquote class=\"wp-block-quote is-layout-flow wp-block-quote-is-layout-flow\">\n<p><\/p>\n\n\n\n<figure class=\"wp-block-image size-full\"><img loading=\"lazy\" decoding=\"async\" width=\"510\" height=\"809\" src=\"https:\/\/nouzillyathletisme.fr\/wp-content\/uploads\/2022\/11\/image.png\" alt=\"\" class=\"wp-image-2533\"\/><\/figure>\n<\/blockquote>\n","protected":false},"excerpt":{"rendered":"<p>Le Ste Maure Athl\u00e9tic Club organisera sa Corrida de No\u00ebl dans les rues [&hellip;]<\/p>\n","protected":false},"author":1,"featured_media":2534,"comment_status":"open","ping_status":"open","sticky":false,"template":"","format":"standard","meta":{"jetpack_post_was_ever_published":false,"_jetpack_newsletter_access":"","_jetpack_dont_email_post_to_subs":false,"_jetpack_newsletter_tier_id":0,"_jetpack_memberships_contains_paywalled_content":false,"_jetpack_memberships_contains_paid_content":false,"footnotes":"","jetpack_publicize_message":"","jetpack_publicize_feature_enabled":false,"jetpack_social_post_already_shared":true,"jetpack_social_options":{"image_generator_settings":{"template":"highway","default_image_id":0,"font":"","enabled":false},"version":2}},"categories":[4],"tags":[],"class_list":["post-2532","post","type-post","status-publish","format-standard","has-post-thumbnail","hentry","category-news"],"jetpack_publicize_connections":[],"jetpack_featured_media_url":"https:\/\/nouzillyathletisme.fr\/wp-content\/uploads\/2022\/11\/Capture-decran-2022-11-04-171313.png","jetpack_sharing_enabled":true,"jetpack_likes_enabled":false,"_links":{"self":[{"href":"https:\/\/nouzillyathletisme.fr\/index.php\/wp-json\/wp\/v2\/posts\/2532","targetHints":{"allow":["GET"]}}],"collection":[{"href":"https:\/\/nouzillyathletisme.fr\/index.php\/wp-json\/wp\/v2\/posts"}],"about":[{"href":"https:\/\/nouzillyathletisme.fr\/index.php\/wp-json\/wp\/v2\/types\/post"}],"author":[{"embeddable":true,"href":"https:\/\/nouzillyathletisme.fr\/index.php\/wp-json\/wp\/v2\/users\/1"}],"replies":[{"embeddable":true,"href":"https:\/\/nouzillyathletisme.fr\/index.php\/wp-json\/wp\/v2\/comments?post=2532"}],"version-history":[{"count":0,"href":"https:\/\/nouzillyathletisme.fr\/index.php\/wp-json\/wp\/v2\/posts\/2532\/revisions"}],"wp:featuredmedia":[{"embeddable":true,"href":"https:\/\/nouzillyathletisme.fr\/index.php\/wp-json\/wp\/v2\/media\/2534"}],"wp:attachment":[{"href":"https:\/\/nouzillyathletisme.fr\/index.php\/wp-json\/wp\/v2\/media?parent=2532"}],"wp:term":[{"taxonomy":"category","embeddable":true,"href":"https:\/\/nouzillyathletisme.fr\/index.php\/wp-json\/wp\/v2\/categories?post=2532"},{"taxonomy":"post_tag","embeddable":true,"href":"https:\/\/nouzillyathletisme.fr\/index.php\/wp-json\/wp\/v2\/tags?post=2532"}],"curies":[{"name":"wp","href":"https:\/\/api.w.org\/{rel}","templated":true}]}}