{"id":1711,"date":"2022-03-28T12:16:23","date_gmt":"2022-03-28T10:16:23","guid":{"rendered":"http:\/\/nouzillyathletisme.fr\/?p=1711"},"modified":"2022-04-05T16:40:44","modified_gmt":"2022-04-05T14:40:44","slug":"ekiden-de-touraine-a-ballan-mire","status":"publish","type":"post","link":"https:\/\/nouzillyathletisme.fr\/index.php\/2022\/03\/28\/ekiden-de-touraine-a-ballan-mire\/","title":{"rendered":"Ekiden de Touraine \u00e0 Ballan-Mir\u00e9"},"content":{"rendered":"\n<p>Gros weekend pour le club; Nouzilly Athl\u00e9tisme a engag\u00e9 deux \u00e9quipes pour ce Marathon en relais avec NouziFit et NouziRun.<\/p>\n\n\n\n<p>Le soleil \u00e9tait de la parti et tout le monde a pu porter fi\u00e8rement les couleurs du club.<\/p>\n\n\n\n<p>On n&rsquo;oublie pas Loic qui faisait le semi-marathon des vins de la C\u00f4te chalonnaise \ud83d\ude09<\/p>\n\n\n\n<p>Bravo \u00e0 toutes et tous !<\/p>\n\n\n\n<p>Ci-joint quelques photos maison de nos athl\u00e8tes :<\/p>\n\n\n\n<figure class=\"wp-block-image size-large\"><img loading=\"lazy\" decoding=\"async\" width=\"1702\" height=\"1245\" src=\"https:\/\/nouzillyathletisme.fr\/wp-content\/uploads\/2022\/03\/5fe06acf-8afa-4d75-903a-9199a6f9ea1b-1.jpg\" alt=\"\" class=\"wp-image-1727\" srcset=\"https:\/\/nouzillyathletisme.fr\/wp-content\/uploads\/2022\/03\/5fe06acf-8afa-4d75-903a-9199a6f9ea1b-1.jpg 1702w, https:\/\/nouzillyathletisme.fr\/wp-content\/uploads\/2022\/03\/5fe06acf-8afa-4d75-903a-9199a6f9ea1b-1-300x219.jpg 300w, https:\/\/nouzillyathletisme.fr\/wp-content\/uploads\/2022\/03\/5fe06acf-8afa-4d75-903a-9199a6f9ea1b-1-1024x749.jpg 1024w, https:\/\/nouzillyathletisme.fr\/wp-content\/uploads\/2022\/03\/5fe06acf-8afa-4d75-903a-9199a6f9ea1b-1-768x562.jpg 768w, https:\/\/nouzillyathletisme.fr\/wp-content\/uploads\/2022\/03\/5fe06acf-8afa-4d75-903a-9199a6f9ea1b-1-1536x1124.jpg 1536w\" sizes=\"auto, (max-width: 1702px) 100vw, 1702px\" \/><\/figure>\n\n\n\n<figure class=\"wp-block-image size-large\"><img loading=\"lazy\" decoding=\"async\" width=\"1024\" height=\"768\" src=\"https:\/\/nouzillyathletisme.fr\/wp-content\/uploads\/2022\/03\/4a97ac92-94ef-4199-913e-eb23c5893a67.jpg\" alt=\"\" class=\"wp-image-1728\" srcset=\"https:\/\/nouzillyathletisme.fr\/wp-content\/uploads\/2022\/03\/4a97ac92-94ef-4199-913e-eb23c5893a67.jpg 1024w, https:\/\/nouzillyathletisme.fr\/wp-content\/uploads\/2022\/03\/4a97ac92-94ef-4199-913e-eb23c5893a67-300x225.jpg 300w, https:\/\/nouzillyathletisme.fr\/wp-content\/uploads\/2022\/03\/4a97ac92-94ef-4199-913e-eb23c5893a67-768x576.jpg 768w\" sizes=\"auto, (max-width: 1024px) 100vw, 1024px\" \/><\/figure>\n\n\n\n<figure class=\"wp-block-image size-full\"><img loading=\"lazy\" decoding=\"async\" width=\"1600\" height=\"1200\" src=\"https:\/\/nouzillyathletisme.fr\/wp-content\/uploads\/2022\/03\/9d44d256-9caa-4463-935f-a7a58e275e17.jpg\" alt=\"\" class=\"wp-image-1729\" srcset=\"https:\/\/nouzillyathletisme.fr\/wp-content\/uploads\/2022\/03\/9d44d256-9caa-4463-935f-a7a58e275e17.jpg 1600w, https:\/\/nouzillyathletisme.fr\/wp-content\/uploads\/2022\/03\/9d44d256-9caa-4463-935f-a7a58e275e17-300x225.jpg 300w, https:\/\/nouzillyathletisme.fr\/wp-content\/uploads\/2022\/03\/9d44d256-9caa-4463-935f-a7a58e275e17-1024x768.jpg 1024w, https:\/\/nouzillyathletisme.fr\/wp-content\/uploads\/2022\/03\/9d44d256-9caa-4463-935f-a7a58e275e17-768x576.jpg 768w, https:\/\/nouzillyathletisme.fr\/wp-content\/uploads\/2022\/03\/9d44d256-9caa-4463-935f-a7a58e275e17-1536x1152.jpg 1536w\" sizes=\"auto, (max-width: 1600px) 100vw, 1600px\" \/><\/figure>\n\n\n\n<p>L&rsquo;ensemble des photos sont consultables sur notre espace photos (Nouveaut\u00e9 !) (Les photos officielles ne devraient pas tarder) :<\/p>\n\n\n\n<p><a href=\"https:\/\/photos.app.goo.gl\/psA9A25SjXZDdKPm9\" target=\"_blank\" rel=\"noreferrer noopener\">https:\/\/photos.app.goo.gl\/psA9A25SjXZDdKPm9<\/a><\/p>\n\n\n\n<p>Les r\u00e9sultats en d\u00e9tails :<\/p>\n\n\n\n<p><a href=\"https:\/\/www.cdr37.net\/actualites-du-club\/17eme-ekiden-de-touraine---ballan-mire-les-resultats-954230\" target=\"_blank\" rel=\"noreferrer noopener\">17\u00e8me EKIDEN de Touraine &#8211; Ballan-Mir\u00e9, les r\u00e9sultats &#8211; cdr37<\/a><\/p>\n\n\n\n<p><a href=\"https:\/\/www.lanouvellerepublique.fr\/indre-et-loire\/sports\/running\/un-ekiden-emballant?queryId%5Bquery1%5D=57cd2206459a452f008b4594&amp;queryId%5Bquery2%5D=59033c15479a4595008b4571&amp;page=0&amp;pageId=591dc155469a4556438b463b\" target=\"_blank\" rel=\"noreferrer noopener\"><a href=\"http:\/\/marathondesvinsdelacotechalonnaise.fr\/wp-content\/uploads\/2017\/03\/mvc2semimarathonclassementgeneral.pdf\">Resultats &#8211; Semi-Marathon (marathondesvinsdelacotechalonnaise.fr)<\/a><\/a><\/p>\n\n\n\n<p>Ainsi que l&rsquo;article de la NR :<\/p>\n\n\n\n<p><a href=\"https:\/\/www.lanouvellerepublique.fr\/indre-et-loire\/sports\/running\/un-ekiden-emballant?queryId%5Bquery1%5D=57cd2206459a452f008b4594&amp;queryId%5Bquery2%5D=59033c15479a4595008b4571&amp;page=0&amp;pageId=591dc155469a4556438b463b\" target=\"_blank\" rel=\"noreferrer noopener\">Un Ekiden emballant (lanouvellerepublique.fr)<\/a><\/p>\n\n\n\n<p><\/p>\n\n\n\n<p><\/p>\n","protected":false},"excerpt":{"rendered":"<p>Gros weekend pour le club; Nouzilly Athl\u00e9tisme a engag\u00e9 deux \u00e9quipes pour ce [&hellip;]<\/p>\n","protected":false},"author":1,"featured_media":1712,"comment_status":"open","ping_status":"open","sticky":false,"template":"","format":"standard","meta":{"jetpack_post_was_ever_published":false,"_jetpack_newsletter_access":"","_jetpack_dont_email_post_to_subs":false,"_jetpack_newsletter_tier_id":0,"_jetpack_memberships_contains_paywalled_content":false,"_jetpack_memberships_contains_paid_content":false,"footnotes":"","jetpack_publicize_message":"","jetpack_publicize_feature_enabled":false,"jetpack_social_post_already_shared":true,"jetpack_social_options":{"image_generator_settings":{"template":"highway","default_image_id":0,"font":"","enabled":false},"version":2}},"categories":[4],"tags":[],"class_list":["post-1711","post","type-post","status-publish","format-standard","has-post-thumbnail","hentry","category-news"],"jetpack_publicize_connections":[],"jetpack_featured_media_url":"https:\/\/nouzillyathletisme.fr\/wp-content\/uploads\/2022\/03\/5fe06acf-8afa-4d75-903a-9199a6f9ea1b.jpg","jetpack_sharing_enabled":true,"jetpack_likes_enabled":false,"_links":{"self":[{"href":"https:\/\/nouzillyathletisme.fr\/index.php\/wp-json\/wp\/v2\/posts\/1711","targetHints":{"allow":["GET"]}}],"collection":[{"href":"https:\/\/nouzillyathletisme.fr\/index.php\/wp-json\/wp\/v2\/posts"}],"about":[{"href":"https:\/\/nouzillyathletisme.fr\/index.php\/wp-json\/wp\/v2\/types\/post"}],"author":[{"embeddable":true,"href":"https:\/\/nouzillyathletisme.fr\/index.php\/wp-json\/wp\/v2\/users\/1"}],"replies":[{"embeddable":true,"href":"https:\/\/nouzillyathletisme.fr\/index.php\/wp-json\/wp\/v2\/comments?post=1711"}],"version-history":[{"count":0,"href":"https:\/\/nouzillyathletisme.fr\/index.php\/wp-json\/wp\/v2\/posts\/1711\/revisions"}],"wp:featuredmedia":[{"embeddable":true,"href":"https:\/\/nouzillyathletisme.fr\/index.php\/wp-json\/wp\/v2\/media\/1712"}],"wp:attachment":[{"href":"https:\/\/nouzillyathletisme.fr\/index.php\/wp-json\/wp\/v2\/media?parent=1711"}],"wp:term":[{"taxonomy":"category","embeddable":true,"href":"https:\/\/nouzillyathletisme.fr\/index.php\/wp-json\/wp\/v2\/categories?post=1711"},{"taxonomy":"post_tag","embeddable":true,"href":"https:\/\/nouzillyathletisme.fr\/index.php\/wp-json\/wp\/v2\/tags?post=1711"}],"curies":[{"name":"wp","href":"https:\/\/api.w.org\/{rel}","templated":true}]}}