{"id":1513,"date":"2022-01-11T10:27:57","date_gmt":"2022-01-11T09:27:57","guid":{"rendered":"http:\/\/nouzillyathletisme.fr\/?p=1513"},"modified":"2023-06-29T16:07:09","modified_gmt":"2023-06-29T14:07:09","slug":"infos-covid","status":"publish","type":"post","link":"https:\/\/nouzillyathletisme.fr\/index.php\/2022\/01\/11\/infos-covid\/","title":{"rendered":"Infos Covid"},"content":{"rendered":"\n<p>Bonjour \u00e0 toutes et \u00e0 tous,<\/p>\n\n\n\n<p>Hier soir, suite \u00e0 la r\u00e9union de notre bureau, la d\u00e9cision a \u00e9t\u00e9 prise de suspendre les s\u00e9ances d\u2019athl\u00e9tisme pour les enfants pour une dur\u00e9e de<strong><u>&nbsp;2 semaines jusqu\u2019au 23 janvier 2022<\/u><\/strong>.<\/p>\n\n\n\n<p>Vu le nombre important de cas contacts et cas Covid des jours derniers, il nous est difficile de pouvoir continuer les s\u00e9ances avec les enfants. Nous pr\u00e9f\u00e9rons \u00eatre prudents car il peut \u00eatre tr\u00e8s difficile de faire respecter tous les gestes barri\u00e8res avec la pratique de notre activit\u00e9.<\/p>\n\n\n\n<p>Alann proposera des s\u00e9ances en visio pour les volontaires, un lien vous sera communiqu\u00e9 prochainement.<\/p>\n\n\n\n<p>En cons\u00e9quence, nous ne participerons pas non plus au cross d\u00e9partemental du 15 janvier 2022 afin d\u2019\u00e9viter un brassage encore plus important.<\/p>\n\n\n\n<p>Nous en sommes vraiment navr\u00e9s\u2026 et nous comptons sur votre compr\u00e9hension.<\/p>\n\n\n\n<p>Concernant les adultes, pas de changement \u00e0 pr\u00e9voir pour le moment&#8230; A suivre sur les diff\u00e9rents groupes WhatsApp.<\/p>\n\n\n\n<p>Nous mettrons les informations au fil de l&rsquo;eau sur le site internet pour ne pas vous inonder de mails \ud83d\ude09<\/p>\n\n\n\n<p>Bonne journ\u00e9e.<\/p>\n\n\n\n<figure class=\"wp-block-image\"><img decoding=\"async\" src=\"https:\/\/media.istockphoto.com\/photos\/young-sportswoman-putting-on-protective-face-mask-while-preparing-for-picture-id1226822104?k=20&amp;m=1226822104&amp;s=612x612&amp;w=0&amp;h=jC9bBfIe5SnjNcu2G0q9XaYM90VIgXs-JDmTR6LkM3U=\" alt=\"jeune sportive mettant sur le masque protecteur de visage tout en se pr\u00e9parant pour un marathon. - running covid photos et images de collection\"\/><\/figure>\n","protected":false},"excerpt":{"rendered":"<p>Bonjour \u00e0 toutes et \u00e0 tous, Hier soir, suite \u00e0 la r\u00e9union de [&hellip;]<\/p>\n","protected":false},"author":1,"featured_media":1514,"comment_status":"open","ping_status":"open","sticky":false,"template":"","format":"standard","meta":{"jetpack_post_was_ever_published":false,"_jetpack_newsletter_access":"","_jetpack_dont_email_post_to_subs":false,"_jetpack_newsletter_tier_id":0,"_jetpack_memberships_contains_paywalled_content":false,"_jetpack_memberships_contains_paid_content":false,"footnotes":"","jetpack_publicize_message":"","jetpack_publicize_feature_enabled":false,"jetpack_social_post_already_shared":true,"jetpack_social_options":{"image_generator_settings":{"template":"highway","default_image_id":0,"font":"","enabled":false},"version":2}},"categories":[4],"tags":[],"class_list":["post-1513","post","type-post","status-publish","format-standard","has-post-thumbnail","hentry","category-news"],"jetpack_publicize_connections":[],"jetpack_featured_media_url":"https:\/\/nouzillyathletisme.fr\/wp-content\/uploads\/2022\/01\/istockphoto-1226822104-612x612-1.jpg","jetpack_sharing_enabled":true,"jetpack_likes_enabled":false,"_links":{"self":[{"href":"https:\/\/nouzillyathletisme.fr\/index.php\/wp-json\/wp\/v2\/posts\/1513","targetHints":{"allow":["GET"]}}],"collection":[{"href":"https:\/\/nouzillyathletisme.fr\/index.php\/wp-json\/wp\/v2\/posts"}],"about":[{"href":"https:\/\/nouzillyathletisme.fr\/index.php\/wp-json\/wp\/v2\/types\/post"}],"author":[{"embeddable":true,"href":"https:\/\/nouzillyathletisme.fr\/index.php\/wp-json\/wp\/v2\/users\/1"}],"replies":[{"embeddable":true,"href":"https:\/\/nouzillyathletisme.fr\/index.php\/wp-json\/wp\/v2\/comments?post=1513"}],"version-history":[{"count":0,"href":"https:\/\/nouzillyathletisme.fr\/index.php\/wp-json\/wp\/v2\/posts\/1513\/revisions"}],"wp:featuredmedia":[{"embeddable":true,"href":"https:\/\/nouzillyathletisme.fr\/index.php\/wp-json\/wp\/v2\/media\/1514"}],"wp:attachment":[{"href":"https:\/\/nouzillyathletisme.fr\/index.php\/wp-json\/wp\/v2\/media?parent=1513"}],"wp:term":[{"taxonomy":"category","embeddable":true,"href":"https:\/\/nouzillyathletisme.fr\/index.php\/wp-json\/wp\/v2\/categories?post=1513"},{"taxonomy":"post_tag","embeddable":true,"href":"https:\/\/nouzillyathletisme.fr\/index.php\/wp-json\/wp\/v2\/tags?post=1513"}],"curies":[{"name":"wp","href":"https:\/\/api.w.org\/{rel}","templated":true}]}}