{"id":1259,"date":"2021-09-10T09:03:34","date_gmt":"2021-09-10T08:03:34","guid":{"rendered":"http:\/\/nouzillyathletisme.fr\/?p=1259"},"modified":"2021-10-27T12:40:34","modified_gmt":"2021-10-27T10:40:34","slug":"coup-de-pouce-pour-la-rentree","status":"publish","type":"post","link":"https:\/\/nouzillyathletisme.fr\/index.php\/2021\/09\/10\/coup-de-pouce-pour-la-rentree\/","title":{"rendered":"Coup de pouce pour la rentr\u00e9e !"},"content":{"rendered":"\n<p>Voici les diff\u00e9rents aides auxquelles vous pouvez postuler lors de la prise de licence au sein de notre association :<\/p>\n\n\n\n<p><strong>Y<span style=\"text-decoration: underline;\">ep<\/span>s :<\/strong><\/p>\n\n\n\n<p>La R\u00e9gion propose un cr\u00e9dit de 20 \u20ac \u00e0 tous les jeunes de la r\u00e9gion \u00e2g\u00e9s de 15 \u00e0 25 ans (sans condition de ressources).<\/p>\n\n\n\n<p>Pour cela, le jeune doit \u00eatre inscrit sur la plateforme de la R\u00e9gion&nbsp;: \u00ab&nbsp;yeps&nbsp;\u00bb&nbsp;:&nbsp;<a href=\"https:\/\/www.yeps.fr\/\" target=\"_blank\" rel=\"noreferrer noopener\">https:\/\/www.yeps.fr\/<\/a>&nbsp;. Il recevra alors un QR Code lui permettant de b\u00e9n\u00e9ficier de la r\u00e9duction.<\/p>\n\n\n\n<figure class=\"wp-block-image size-large is-style-default\"><img loading=\"lazy\" decoding=\"async\" width=\"1024\" height=\"384\" src=\"https:\/\/nouzillyathletisme.fr\/wp-content\/uploads\/2021\/09\/image-1024x384.png\" alt=\"\" class=\"wp-image-1260\" srcset=\"https:\/\/nouzillyathletisme.fr\/wp-content\/uploads\/2021\/09\/image-1024x384.png 1024w, https:\/\/nouzillyathletisme.fr\/wp-content\/uploads\/2021\/09\/image-300x112.png 300w, https:\/\/nouzillyathletisme.fr\/wp-content\/uploads\/2021\/09\/image-768x288.png 768w, https:\/\/nouzillyathletisme.fr\/wp-content\/uploads\/2021\/09\/image.png 1238w\" sizes=\"auto, (max-width: 1024px) 100vw, 1024px\" \/><\/figure>\n\n\n\n<p><span style=\"text-decoration: underline;\"><strong>Pass\u2019Sport<\/strong> :<\/span><\/p>\n\n\n\n<p>Le Pass\u2019Sport est une nouvelle allocation de rentr\u00e9e sportive de 50 euros par enfant pour financer tout ou partie de son inscription dans une association sportive volontaire et lui permettre de participer aux activit\u00e9s qu\u2019elle organise de septembre 2021 \u00e0 juin 2022.<\/p>\n\n\n\n<p><a href=\"https:\/\/www.sports.gouv.fr\/pratiques-sportives\/sports-pour-tous\/pass-sport\/article\/le-pass-sport\">LE PASS&rsquo;SPORT &#8211; (sports.gouv.fr)<\/a><\/p>\n\n\n\n<figure class=\"wp-block-image is-style-default\"><img decoding=\"async\" src=\"https:\/\/www.sports.gouv.fr\/IMG\/jpg\/passsportvisueltv-3.jpg\" alt=\"\"\/><\/figure>\n\n\n\n<p><span style=\"text-decoration: underline;\"><strong>Passeport Loisirs Jeunes<\/strong> :<\/span><\/p>\n\n\n\n<p>La Caf Touraine vous informe de la modification du&nbsp;<strong>dispositif PLJ (Passeport Loisirs Jeunes)<\/strong>&nbsp;\u00e0 compter de septembre 2021 :&nbsp;<a href=\"https:\/\/secure-web.cisco.com\/113YEhRb4gZkDEWTNFDMablrlWs67bSI-DC4SZRp8kNxNe-6ThG3w7JbRNZS5vB4aJBG7drLJ0FMi3zl9Gj3qkRJLwCP-VOJxwivB4Hu7yBUmakbiHr71lzV28m0R_bs70asgfYI1Pb0DYC1Z7Gm3tpQLIBLo7e8X1D4xU6Rqjn2HRvZcvbFi9vUzRkRn0Tzo7ujRt5SjL-3xtJUhc6N1FEbFOvTh_3mBV6jZXSHhS9H05Fs_ytElOaeKiWuBUZFE5XPcpMQYD1ofMy7zFreKe2EwfgBfAIqxUO7QYzMYmrVo6yobXpqNItXnNNhnmvwpkFP_jG7YqFrAIwwwoDHOXw\/https%3A%2F%2Fwww.caf37-partenaires.fr%2Factualite%2Fla-reforme-des-passeport-loisirs-jeunes-cest-parti%2F\" target=\"_blank\" rel=\"noreferrer noopener\">https:\/\/www.caf37-partenaires.fr\/actualite\/la-reforme-des-passeport-loisirs-jeunes-cest-parti\/<\/a><\/p>\n\n\n\n<p>Le passeport loisirs jeunes permet aux&nbsp;<strong>jeunes \u00e2g\u00e9s de 11 \u00e0 17 ans<\/strong>, issus de &nbsp;familles aux revenus modestes, de&nbsp;<strong>b\u00e9n\u00e9ficier d\u2019une aide financi\u00e8re<\/strong>&nbsp;afin de<strong>&nbsp;pratiquer une activit\u00e9 sportive ou culturelle tout au long de l\u2019ann\u00e9e.<\/strong><\/p>\n\n\n\n<p><\/p>\n\n\n\n<figure class=\"wp-block-image is-style-default\"><img decoding=\"async\" src=\"https:\/\/www.caf37-partenaires.fr\/wp-content\/uploads\/2021\/06\/VISUEL-2021-350x198.jpg\" alt=\"La r\u00e9forme des Passeports Loisirs Jeunes, c'est parti ! | Caf Touraine\"\/><\/figure>\n\n\n\n<p>N&rsquo;h\u00e9sitez pas \u00e0 nous contacter si besoin.<\/p>\n","protected":false},"excerpt":{"rendered":"<p>Voici les diff\u00e9rents aides auxquelles vous pouvez postuler lors de la prise de [&hellip;]<\/p>\n","protected":false},"author":1,"featured_media":1216,"comment_status":"open","ping_status":"open","sticky":false,"template":"","format":"standard","meta":{"jetpack_post_was_ever_published":false,"_jetpack_newsletter_access":"","_jetpack_dont_email_post_to_subs":false,"_jetpack_newsletter_tier_id":0,"_jetpack_memberships_contains_paywalled_content":false,"_jetpack_memberships_contains_paid_content":false,"footnotes":"","jetpack_publicize_message":"","jetpack_publicize_feature_enabled":true,"jetpack_social_post_already_shared":true,"jetpack_social_options":{"image_generator_settings":{"template":"highway","default_image_id":0,"font":"","enabled":false},"version":2}},"categories":[4],"tags":[],"class_list":["post-1259","post","type-post","status-publish","format-standard","has-post-thumbnail","hentry","category-news"],"jetpack_publicize_connections":[],"jetpack_featured_media_url":"https:\/\/nouzillyathletisme.fr\/wp-content\/uploads\/2021\/08\/PassSportVisuelTV.jpg","jetpack_sharing_enabled":true,"jetpack_likes_enabled":false,"_links":{"self":[{"href":"https:\/\/nouzillyathletisme.fr\/index.php\/wp-json\/wp\/v2\/posts\/1259","targetHints":{"allow":["GET"]}}],"collection":[{"href":"https:\/\/nouzillyathletisme.fr\/index.php\/wp-json\/wp\/v2\/posts"}],"about":[{"href":"https:\/\/nouzillyathletisme.fr\/index.php\/wp-json\/wp\/v2\/types\/post"}],"author":[{"embeddable":true,"href":"https:\/\/nouzillyathletisme.fr\/index.php\/wp-json\/wp\/v2\/users\/1"}],"replies":[{"embeddable":true,"href":"https:\/\/nouzillyathletisme.fr\/index.php\/wp-json\/wp\/v2\/comments?post=1259"}],"version-history":[{"count":0,"href":"https:\/\/nouzillyathletisme.fr\/index.php\/wp-json\/wp\/v2\/posts\/1259\/revisions"}],"wp:featuredmedia":[{"embeddable":true,"href":"https:\/\/nouzillyathletisme.fr\/index.php\/wp-json\/wp\/v2\/media\/1216"}],"wp:attachment":[{"href":"https:\/\/nouzillyathletisme.fr\/index.php\/wp-json\/wp\/v2\/media?parent=1259"}],"wp:term":[{"taxonomy":"category","embeddable":true,"href":"https:\/\/nouzillyathletisme.fr\/index.php\/wp-json\/wp\/v2\/categories?post=1259"},{"taxonomy":"post_tag","embeddable":true,"href":"https:\/\/nouzillyathletisme.fr\/index.php\/wp-json\/wp\/v2\/tags?post=1259"}],"curies":[{"name":"wp","href":"https:\/\/api.w.org\/{rel}","templated":true}]}}