{"id":1238,"date":"2021-09-03T08:25:05","date_gmt":"2021-09-03T07:25:05","guid":{"rendered":"http:\/\/nouzillyathletisme.fr\/?p=1238"},"modified":"2021-09-06T14:30:32","modified_gmt":"2021-09-06T13:30:32","slug":"venez-decouvrir-le-club-samedi-04-09","status":"publish","type":"post","link":"https:\/\/nouzillyathletisme.fr\/index.php\/2021\/09\/03\/venez-decouvrir-le-club-samedi-04-09\/","title":{"rendered":"Venez d\u00e9couvrir le club samedi 04\/09 !"},"content":{"rendered":"\n<p>Le club sera pr\u00e9sent au forum des associations de la ville de Nouzilly :<\/p>\n\n\n\n<figure class=\"wp-block-image is-resized\"><img loading=\"lazy\" decoding=\"async\" src=\"https:\/\/scontent-cdt1-1.xx.fbcdn.net\/v\/t1.6435-9\/238830577_2926943054286759_6847812849883606004_n.jpg?_nc_cat=106&amp;ccb=1-5&amp;_nc_sid=8bfeb9&amp;_nc_ohc=BqlKa8QUXCQAX8ts-o2&amp;_nc_ht=scontent-cdt1-1.xx&amp;oh=4c26efc6e3d60ae4f9f9f6447639c648&amp;oe=61586A92\" alt=\"Peut \u00eatre une image de texte qui dit \u2019Nouzilly Rencontres Commune Nouzilly Forum des Associations D\u00e9couvertes Samedi 4 septembre 2021 Venez nombreux De 10h00 \u00e0 12h30 PASS SANITAIRE -OBLIGATOIRE Troc'livres Inscriptions PASS SANITAIRE OBLIGATOIRE Place \u00c9mile Cholet devant la mairie Nous vous rappelons que ces rencontres doivent se d\u00e9rouler dans strict respect des mesures sanitaires recommand\u00e9es.\u2019\" width=\"469\" height=\"684\"\/><\/figure>\n\n\n\n<p>De plus, nous vous donnons rendez-vous samedi 04\/09 de 9h \u00e0 12h, le club participera \u00e0 la cinqui\u00e8me \u00e9dition du \u00ab Kinder Joy of Moving Athletics Day \u00bb, grande op\u00e9ration portes ouvertes organis\u00e9e partout en France par la F\u00e9d\u00e9ration Fran\u00e7aise d\u2019Athl\u00e9tisme. L\u2019ambition : faire d\u00e9couvrir la pratique de l\u2019athl\u00e9tisme aux enfants \u00e2g\u00e9s de 7 \u00e0 11 ans et leur transmettre la passion qui anime tous les amoureux du premier sport olympique. Rendez-vous au stade pour courir, sauter et lancer dans la joie et la bonne humeur.<\/p>\n\n\n\n<figure class=\"wp-block-image size-full\"><img loading=\"lazy\" decoding=\"async\" width=\"526\" height=\"935\" src=\"https:\/\/nouzillyathletisme.fr\/wp-content\/uploads\/2021\/09\/234267355_207732647980159_3542082355202941444_n.jpg\" alt=\"\" class=\"wp-image-1239\" srcset=\"https:\/\/nouzillyathletisme.fr\/wp-content\/uploads\/2021\/09\/234267355_207732647980159_3542082355202941444_n.jpg 526w, https:\/\/nouzillyathletisme.fr\/wp-content\/uploads\/2021\/09\/234267355_207732647980159_3542082355202941444_n-169x300.jpg 169w\" sizes=\"auto, (max-width: 526px) 100vw, 526px\" \/><\/figure>\n","protected":false},"excerpt":{"rendered":"<p>Le club sera pr\u00e9sent au forum des associations de la ville de Nouzilly [&hellip;]<\/p>\n","protected":false},"author":1,"featured_media":1116,"comment_status":"open","ping_status":"open","sticky":false,"template":"","format":"standard","meta":{"jetpack_post_was_ever_published":false,"_jetpack_newsletter_access":"","_jetpack_dont_email_post_to_subs":false,"_jetpack_newsletter_tier_id":0,"_jetpack_memberships_contains_paywalled_content":false,"_jetpack_memberships_contains_paid_content":false,"footnotes":"","jetpack_publicize_message":"","jetpack_publicize_feature_enabled":true,"jetpack_social_post_already_shared":true,"jetpack_social_options":{"image_generator_settings":{"template":"highway","default_image_id":0,"font":"","enabled":false},"version":2}},"categories":[4],"tags":[],"class_list":["post-1238","post","type-post","status-publish","format-standard","has-post-thumbnail","hentry","category-news"],"jetpack_publicize_connections":[],"jetpack_featured_media_url":"https:\/\/nouzillyathletisme.fr\/wp-content\/uploads\/2021\/08\/KJOM21_Banniere_Web.jpg","jetpack_sharing_enabled":true,"jetpack_likes_enabled":false,"_links":{"self":[{"href":"https:\/\/nouzillyathletisme.fr\/index.php\/wp-json\/wp\/v2\/posts\/1238","targetHints":{"allow":["GET"]}}],"collection":[{"href":"https:\/\/nouzillyathletisme.fr\/index.php\/wp-json\/wp\/v2\/posts"}],"about":[{"href":"https:\/\/nouzillyathletisme.fr\/index.php\/wp-json\/wp\/v2\/types\/post"}],"author":[{"embeddable":true,"href":"https:\/\/nouzillyathletisme.fr\/index.php\/wp-json\/wp\/v2\/users\/1"}],"replies":[{"embeddable":true,"href":"https:\/\/nouzillyathletisme.fr\/index.php\/wp-json\/wp\/v2\/comments?post=1238"}],"version-history":[{"count":0,"href":"https:\/\/nouzillyathletisme.fr\/index.php\/wp-json\/wp\/v2\/posts\/1238\/revisions"}],"wp:featuredmedia":[{"embeddable":true,"href":"https:\/\/nouzillyathletisme.fr\/index.php\/wp-json\/wp\/v2\/media\/1116"}],"wp:attachment":[{"href":"https:\/\/nouzillyathletisme.fr\/index.php\/wp-json\/wp\/v2\/media?parent=1238"}],"wp:term":[{"taxonomy":"category","embeddable":true,"href":"https:\/\/nouzillyathletisme.fr\/index.php\/wp-json\/wp\/v2\/categories?post=1238"},{"taxonomy":"post_tag","embeddable":true,"href":"https:\/\/nouzillyathletisme.fr\/index.php\/wp-json\/wp\/v2\/tags?post=1238"}],"curies":[{"name":"wp","href":"https:\/\/api.w.org\/{rel}","templated":true}]}}