{"id":1083,"date":"2021-06-30T14:33:46","date_gmt":"2021-06-30T13:33:46","guid":{"rendered":"http:\/\/nouzillyathletisme.fr\/?p=1083"},"modified":"2021-07-06T09:50:28","modified_gmt":"2021-07-06T08:50:28","slug":"votez-pour-le-nouveau-logo","status":"publish","type":"post","link":"https:\/\/nouzillyathletisme.fr\/index.php\/2021\/06\/30\/votez-pour-le-nouveau-logo\/","title":{"rendered":"Votez pour le nouveau logo"},"content":{"rendered":"\n<p>Nous allons renouveler les maillots du club, \u00e0 cette occasion, nous souhaitons vous faire participer au choix du nouveau logo du club. Vous trouverez ci-dessous le lien pour choisir ce nouveau logo ; n\u2019h\u00e9sitez pas \u00e0 faire participer vos enfants \u00e0 ce choix.<\/p>\n\n\n\n<p><a href=\"https:\/\/forms.gle\/LzfXvRAgTepfZJx29\">https:\/\/forms.gle\/LzfXvRAgTepfZJx29<\/a><\/p>\n\n\n\n<p>Fin du vote vendredi \u00e0 minuit !<\/p>\n\n\n\n<p>Nouzilly Athl\u00e9tisme<\/p>\n","protected":false},"excerpt":{"rendered":"<p>Nous allons renouveler les maillots du club, \u00e0 cette occasion, nous souhaitons vous [&hellip;]<\/p>\n","protected":false},"author":1,"featured_media":1084,"comment_status":"open","ping_status":"open","sticky":false,"template":"","format":"standard","meta":{"jetpack_post_was_ever_published":false,"_jetpack_newsletter_access":"","_jetpack_dont_email_post_to_subs":false,"_jetpack_newsletter_tier_id":0,"_jetpack_memberships_contains_paywalled_content":false,"_jetpack_memberships_contains_paid_content":false,"footnotes":"","jetpack_publicize_message":"","jetpack_publicize_feature_enabled":true,"jetpack_social_post_already_shared":true,"jetpack_social_options":{"image_generator_settings":{"template":"highway","default_image_id":0,"font":"","enabled":false},"version":2}},"categories":[31],"tags":[],"class_list":["post-1083","post","type-post","status-publish","format-standard","has-post-thumbnail","hentry","category-le-club"],"jetpack_publicize_connections":[],"jetpack_featured_media_url":"https:\/\/nouzillyathletisme.fr\/wp-content\/uploads\/2021\/06\/istockphoto-1029895032-612x612-1.jpg","jetpack_sharing_enabled":true,"jetpack_likes_enabled":false,"_links":{"self":[{"href":"https:\/\/nouzillyathletisme.fr\/index.php\/wp-json\/wp\/v2\/posts\/1083","targetHints":{"allow":["GET"]}}],"collection":[{"href":"https:\/\/nouzillyathletisme.fr\/index.php\/wp-json\/wp\/v2\/posts"}],"about":[{"href":"https:\/\/nouzillyathletisme.fr\/index.php\/wp-json\/wp\/v2\/types\/post"}],"author":[{"embeddable":true,"href":"https:\/\/nouzillyathletisme.fr\/index.php\/wp-json\/wp\/v2\/users\/1"}],"replies":[{"embeddable":true,"href":"https:\/\/nouzillyathletisme.fr\/index.php\/wp-json\/wp\/v2\/comments?post=1083"}],"version-history":[{"count":0,"href":"https:\/\/nouzillyathletisme.fr\/index.php\/wp-json\/wp\/v2\/posts\/1083\/revisions"}],"wp:featuredmedia":[{"embeddable":true,"href":"https:\/\/nouzillyathletisme.fr\/index.php\/wp-json\/wp\/v2\/media\/1084"}],"wp:attachment":[{"href":"https:\/\/nouzillyathletisme.fr\/index.php\/wp-json\/wp\/v2\/media?parent=1083"}],"wp:term":[{"taxonomy":"category","embeddable":true,"href":"https:\/\/nouzillyathletisme.fr\/index.php\/wp-json\/wp\/v2\/categories?post=1083"},{"taxonomy":"post_tag","embeddable":true,"href":"https:\/\/nouzillyathletisme.fr\/index.php\/wp-json\/wp\/v2\/tags?post=1083"}],"curies":[{"name":"wp","href":"https:\/\/api.w.org\/{rel}","templated":true}]}}