{"id":1076,"date":"2021-06-29T19:28:23","date_gmt":"2021-06-29T18:28:23","guid":{"rendered":"http:\/\/nouzillyathletisme.fr\/?p=1076"},"modified":"2021-08-04T13:48:16","modified_gmt":"2021-08-04T12:48:16","slug":"derniere-seance-vendredi","status":"publish","type":"post","link":"https:\/\/nouzillyathletisme.fr\/index.php\/2021\/06\/29\/derniere-seance-vendredi\/","title":{"rendered":"Derni\u00e8re s\u00e9ance vendredi"},"content":{"rendered":"\n<p><strong>Bonjour \u00e0 tous,<\/strong><\/p>\n\n\n\n<p><strong><em>1) <u>Fin de Saison sportive<\/u><\/em><\/strong><\/p>\n\n\n\n<p class=\"has-text-align-left\">La saison qui se termine n\u2019aura pas toujours \u00e9t\u00e9 simple en termes d\u2019organisation afin de se plier aux contraintes&nbsp;; cependant, nous avons toujours essay\u00e9 de faire de notre mieux afin de maintenir des s\u00e9ances pour les diff\u00e9rentes cat\u00e9gories.<\/p>\n\n\n\n<p class=\"has-text-align-left\">Les membres du bureau tiennent \u00e0 remercier toutes les personnes qui nous ont aid\u00e9 lors des s\u00e9ances ainsi qu\u2019Alann qui a bien voulu et su adapter son emploi du temps afin de toujours proposer des s\u00e9ances m\u00eame en visio.<\/p>\n\n\n\n<p><strong><u>Vendredi 2 juillet 2021 \u00e0 17H30 <\/u>sera la derni\u00e8re s\u00e9ance avant les vacances scolaires pour les 3 groupes d\u2019enfants\/ado du vendredi.<\/strong><\/p>\n\n\n\n<p>A cette occasion, il n\u2019y aura qu\u2019une s\u00e9ance unique pour tous les groupes du vendredi, une petite rencontre va \u00eatre organis\u00e9e et un go\u00fbter sera distribu\u00e9 aux enfants \u00e0 l\u2019issue.<\/p>\n\n\n\n<p>Nous esp\u00e9rions pouvoir organiser notre traditionnelle rencontre de fin d\u2019ann\u00e9e avec tous les adh\u00e9rents (enfants\/adultes) ainsi qu\u2019avec les parents mais il est encore pr\u00e9f\u00e9rable d\u2019attendre la rentr\u00e9e de septembre afin que la situation sanitaire soit encore meilleure.<\/p>\n\n\n\n<p>La saison sportive touche \u00e0 sa fin et nous avons d\u00e9j\u00e0 pens\u00e9 et travaill\u00e9 pour la prochaine saison prochaine.<\/p>\n\n\n\n<p><strong><em>2) <u>Reprise d&rsquo;activit\u00e9 &#8211; Septembre 2021<\/u><\/em><\/strong><\/p>\n\n\n\n<p>Nous vous proposons de faire une s\u00e9ance de reprise le vendredi 3 septembre 2021 \u00e0 17H30. La rencontre pour toutes les cat\u00e9gories <strong>de baby \u00e0 adultes (Athl\u00e9 Fit et Running)<\/strong> sera organis\u00e9e \u00e0 cette occasion, les parents volontaires pourront bien s\u00fbr aussi participer. L\u2019assembl\u00e9e g\u00e9n\u00e9rale sera organis\u00e9e \u00e0 l\u2019issue de la rencontre et nous offrirons un ap\u00e9ritif pour cl\u00f4turer la soir\u00e9e.<\/p>\n\n\n\n<p>Un sondage vous sera adress\u00e9 pour confirmer votre pr\u00e9sence ainsi que le nombre de personnes par famille pr\u00e9sentes ce jour-l\u00e0.<\/p>\n\n\n\n<p>Ce m\u00eame jour, nous ferons les renouvellements d\u2019inscriptions pour ceux qui le souhaitent.<\/p>\n\n\n\n<p>A\/c de septembre, les horaires pour les enfants seront modifi\u00e9s comme suit&nbsp;:<\/p>\n\n\n\n<p>&#8211;&nbsp;&nbsp;&nbsp;&nbsp;&nbsp;&nbsp;&nbsp;&nbsp;&nbsp; Le mercredi soir de 18H00 \u00e0 19H15 pour les enfants de CP et CE1&nbsp;;<\/p>\n\n\n\n<p>&#8211;&nbsp;&nbsp;&nbsp;&nbsp;&nbsp;&nbsp;&nbsp;&nbsp;&nbsp; Le vendredi soir de 17H15 \u00e0 18H45 pour les enfants de CE2 \u00e0 CM2&nbsp;;<\/p>\n\n\n\n<p>Pour les cat\u00e9gories Benjamins\/minimes\/cadets&nbsp;: le vendredi soir de 19h \u00e0 20H30 + une deuxi\u00e8me s\u00e9ance \u00e0 Saint Cyr\/Loire ;<\/p>\n\n\n\n<p><em><u>Nouveaut\u00e9<\/u><\/em>&nbsp;: une entente avec le club d\u2019athl\u00e9tisme de Saint Cyr\/Loire va \u00eatre mise en place et ces cat\u00e9gories pourront participer le mercredi apr\u00e8s-midi aux s\u00e9ances qu\u2019ils organiseront de 16h00 \u00e0 18h00.<\/p>\n\n\n\n<p><strong><em><u>3) B\u00e9n\u00e9voles<\/u><\/em><\/strong><\/p>\n\n\n\n<p>Un club ne peut fonctionner sans b\u00e9n\u00e9voles et vous proposons de nous rejoindre pour \u00e9toffer un peu le bureau. Notre secr\u00e9taire Geoffrey souhaite laisser sa place apr\u00e8s avoir beaucoup \u0153uvr\u00e9 et nous cherchons un\/une rempla\u00e7ant(e). Toute autre aide sera la bienvenue.<\/p>\n\n\n\n<p>Cette ann\u00e9e, Alann \u00e9tait en CDD de 7 heures\/semaine et \u00e0 compter de la saison 2021-2022, nous allons lui faire un CDI de 8h\/semaine.<\/p>\n\n\n\n<p><strong><em><u>4) Logo du club<\/u><\/em><\/strong><\/p>\n\n\n\n<p>Nous allons renouveler les maillots du club, \u00e0 cette occasion, nous souhaitons vous faire participer au choix du nouveau logo du club. Vous trouverez ci-dessous le lien pour choisir ce nouveau logo ; n&rsquo;h\u00e9sitez pas \u00e0 faire participer vos enfants \u00e0 ce choix.<\/p>\n\n\n\n<p><a href=\"https:\/\/forms.gle\/LzfXvRAgTepfZJx29\">https:\/\/forms.gle\/LzfXvRAgTepfZJx29<\/a><\/p>\n\n\n\n<p>A vendredi pour la derni\u00e8re s\u00e9ance et pour ce qui ne pourraient pas \u00eatre pr\u00e9sents nous vous souhaitons de passer de bonnes vacances !<\/p>\n\n\n\n<p>Nouzilly Athl\u00e9tisme<\/p>\n","protected":false},"excerpt":{"rendered":"<p>Bonjour \u00e0 tous, 1) Fin de Saison sportive La saison qui se termine [&hellip;]<\/p>\n","protected":false},"author":1,"featured_media":1077,"comment_status":"open","ping_status":"open","sticky":false,"template":"","format":"standard","meta":{"jetpack_post_was_ever_published":false,"_jetpack_newsletter_access":"","_jetpack_dont_email_post_to_subs":false,"_jetpack_newsletter_tier_id":0,"_jetpack_memberships_contains_paywalled_content":false,"_jetpack_memberships_contains_paid_content":false,"footnotes":"","jetpack_publicize_message":"","jetpack_publicize_feature_enabled":true,"jetpack_social_post_already_shared":true,"jetpack_social_options":{"image_generator_settings":{"template":"highway","default_image_id":0,"font":"","enabled":false},"version":2}},"categories":[4],"tags":[],"class_list":["post-1076","post","type-post","status-publish","format-standard","has-post-thumbnail","hentry","category-news"],"jetpack_publicize_connections":[],"jetpack_featured_media_url":"https:\/\/nouzillyathletisme.fr\/wp-content\/uploads\/2021\/06\/istockphoto-621931650-612x612-1.jpg","jetpack_sharing_enabled":true,"jetpack_likes_enabled":false,"_links":{"self":[{"href":"https:\/\/nouzillyathletisme.fr\/index.php\/wp-json\/wp\/v2\/posts\/1076","targetHints":{"allow":["GET"]}}],"collection":[{"href":"https:\/\/nouzillyathletisme.fr\/index.php\/wp-json\/wp\/v2\/posts"}],"about":[{"href":"https:\/\/nouzillyathletisme.fr\/index.php\/wp-json\/wp\/v2\/types\/post"}],"author":[{"embeddable":true,"href":"https:\/\/nouzillyathletisme.fr\/index.php\/wp-json\/wp\/v2\/users\/1"}],"replies":[{"embeddable":true,"href":"https:\/\/nouzillyathletisme.fr\/index.php\/wp-json\/wp\/v2\/comments?post=1076"}],"version-history":[{"count":0,"href":"https:\/\/nouzillyathletisme.fr\/index.php\/wp-json\/wp\/v2\/posts\/1076\/revisions"}],"wp:featuredmedia":[{"embeddable":true,"href":"https:\/\/nouzillyathletisme.fr\/index.php\/wp-json\/wp\/v2\/media\/1077"}],"wp:attachment":[{"href":"https:\/\/nouzillyathletisme.fr\/index.php\/wp-json\/wp\/v2\/media?parent=1076"}],"wp:term":[{"taxonomy":"category","embeddable":true,"href":"https:\/\/nouzillyathletisme.fr\/index.php\/wp-json\/wp\/v2\/categories?post=1076"},{"taxonomy":"post_tag","embeddable":true,"href":"https:\/\/nouzillyathletisme.fr\/index.php\/wp-json\/wp\/v2\/tags?post=1076"}],"curies":[{"name":"wp","href":"https:\/\/api.w.org\/{rel}","templated":true}]}}