{"id":1010,"date":"2021-06-09T12:59:30","date_gmt":"2021-06-09T11:59:30","guid":{"rendered":"http:\/\/nouzillyathletisme.fr\/?p=1010"},"modified":"2021-06-09T12:59:38","modified_gmt":"2021-06-09T11:59:38","slug":"athle-tv-gratuit-pour-tous-les-licencies","status":"publish","type":"post","link":"https:\/\/nouzillyathletisme.fr\/index.php\/2021\/06\/09\/athle-tv-gratuit-pour-tous-les-licencies\/","title":{"rendered":"Athl\u00e9 TV gratuit pour tous les licenci\u00e9s"},"content":{"rendered":"\n<p>Vivez tous les \u00e9v\u00e9nements athl\u00e9 en live vid\u00e9o sur la plateforme <strong>ATHLE TV<\/strong> ? Wanda Diamond League, \u26a1 Meeting de Paris, ? Pro Athl\u00e9 Tour, ? Championnats de France&#8230; Vous ne manquerez rien !&nbsp; Pour vous remercier de votre fid\u00e9lit\u00e9 durant cette saison si particuli\u00e8re, la FFA vous offre votre abonnement !<\/p>\n\n\n\n<p><a href=\"https:\/\/emea01.safelinks.protection.outlook.com\/?url=https%3A%2F%2Fr.info.athle.fr%2Fmk%2Fcl%2Ff%2FvWak3JvkrRWh3-4tJ6z7uEJlKpDB_rRxBgBhnWvihd4EQxGZiM_URvPXgyNiQYSczyVyuEnMhJLxwMi-4oKKb-rpND1UKVrkhVhZIiHVFQs6C5aNSvSLV0hpXflNQIFmOXG9oemEueD56u1knk1nzw_opHwpNAZ8Sw&amp;data=04%7C01%7C%7C0a9c6be8f4e44171b58d08d92b2e166f%7C84df9e7fe9f640afb435aaaaaaaaaaaa%7C1%7C0%7C637588299204733977%7CUnknown%7CTWFpbGZsb3d8eyJWIjoiMC4wLjAwMDAiLCJQIjoiV2luMzIiLCJBTiI6Ik1haWwiLCJXVCI6Mn0%3D%7C1000&amp;sdata=KKyKGM6C1oOK7HqLlS6LPHSRPVBCCEQz2RmLeU3BHUk%3D&amp;reserved=0\" target=\"_blank\" rel=\"noreferrer noopener\"><strong>JE M&rsquo;ABONNE GRATUITEMENT (avant le 31 ao\u00fbt)<\/strong><\/a><br><br>Pour s&rsquo;inscrire, cr\u00e9er votre compte puis souscrire \u00e0 l&rsquo;offre \u00ab\u00a0Pass Athl\u00e9 Premium\u00a0\u00bb depuis votre espace personnel avec <strong>votre num\u00e9ro de licence.<\/strong><\/p>\n\n\n\n<figure class=\"wp-block-image size-large\"><img loading=\"lazy\" decoding=\"async\" width=\"573\" height=\"676\" src=\"https:\/\/nouzillyathletisme.fr\/wp-content\/uploads\/2021\/06\/Capture-decran-2021-06-09-135529.png\" alt=\"\" class=\"wp-image-1011\" srcset=\"https:\/\/nouzillyathletisme.fr\/wp-content\/uploads\/2021\/06\/Capture-decran-2021-06-09-135529.png 573w, https:\/\/nouzillyathletisme.fr\/wp-content\/uploads\/2021\/06\/Capture-decran-2021-06-09-135529-254x300.png 254w\" sizes=\"auto, (max-width: 573px) 100vw, 573px\" \/><\/figure>\n","protected":false},"excerpt":{"rendered":"<p>Vivez tous les \u00e9v\u00e9nements athl\u00e9 en live vid\u00e9o sur la plateforme ATHLE TV [&hellip;]<\/p>\n","protected":false},"author":1,"featured_media":1013,"comment_status":"open","ping_status":"open","sticky":false,"template":"","format":"standard","meta":{"jetpack_post_was_ever_published":false,"_jetpack_newsletter_access":"","_jetpack_dont_email_post_to_subs":false,"_jetpack_newsletter_tier_id":0,"_jetpack_memberships_contains_paywalled_content":false,"_jetpack_memberships_contains_paid_content":false,"footnotes":"","jetpack_publicize_message":"","jetpack_publicize_feature_enabled":true,"jetpack_social_post_already_shared":true,"jetpack_social_options":{"image_generator_settings":{"template":"highway","default_image_id":0,"font":"","enabled":false},"version":2}},"categories":[4],"tags":[],"class_list":["post-1010","post","type-post","status-publish","format-standard","has-post-thumbnail","hentry","category-news"],"jetpack_publicize_connections":[],"jetpack_featured_media_url":"https:\/\/nouzillyathletisme.fr\/wp-content\/uploads\/2021\/06\/istockphoto-613905804-612x612-1.jpg","jetpack_sharing_enabled":true,"jetpack_likes_enabled":false,"_links":{"self":[{"href":"https:\/\/nouzillyathletisme.fr\/index.php\/wp-json\/wp\/v2\/posts\/1010","targetHints":{"allow":["GET"]}}],"collection":[{"href":"https:\/\/nouzillyathletisme.fr\/index.php\/wp-json\/wp\/v2\/posts"}],"about":[{"href":"https:\/\/nouzillyathletisme.fr\/index.php\/wp-json\/wp\/v2\/types\/post"}],"author":[{"embeddable":true,"href":"https:\/\/nouzillyathletisme.fr\/index.php\/wp-json\/wp\/v2\/users\/1"}],"replies":[{"embeddable":true,"href":"https:\/\/nouzillyathletisme.fr\/index.php\/wp-json\/wp\/v2\/comments?post=1010"}],"version-history":[{"count":0,"href":"https:\/\/nouzillyathletisme.fr\/index.php\/wp-json\/wp\/v2\/posts\/1010\/revisions"}],"wp:featuredmedia":[{"embeddable":true,"href":"https:\/\/nouzillyathletisme.fr\/index.php\/wp-json\/wp\/v2\/media\/1013"}],"wp:attachment":[{"href":"https:\/\/nouzillyathletisme.fr\/index.php\/wp-json\/wp\/v2\/media?parent=1010"}],"wp:term":[{"taxonomy":"category","embeddable":true,"href":"https:\/\/nouzillyathletisme.fr\/index.php\/wp-json\/wp\/v2\/categories?post=1010"},{"taxonomy":"post_tag","embeddable":true,"href":"https:\/\/nouzillyathletisme.fr\/index.php\/wp-json\/wp\/v2\/tags?post=1010"}],"curies":[{"name":"wp","href":"https:\/\/api.w.org\/{rel}","templated":true}]}}